{"id":503,"date":"2022-06-29T21:51:51","date_gmt":"2022-06-29T20:51:51","guid":{"rendered":"http:\/\/ihjj.hr\/dika\/?p=503"},"modified":"2023-04-01T22:38:51","modified_gmt":"2023-04-01T21:38:51","slug":"terminoloska-radionica-term21-u-marseilleu","status":"publish","type":"post","link":"https:\/\/ihjj.hr\/dika\/index.php\/2022\/06\/29\/terminoloska-radionica-term21-u-marseilleu\/","title":{"rendered":"Terminolo\u0161ka radionica Term21 u Marseilleu"},"content":{"rendered":"<p>Terminolo\u0161ka radionica <a href=\"https:\/\/term21-lrec2022.fcsh.unl.pt\/\" target=\"_blank\" rel=\"noopener\">Terminology in the 21st century: many faces, many places (Term 21) <\/a>odr\u017eana je 20. lipnja 2022. u okviru me\u0111unarodne konferencije <a href=\"https:\/\/lrec2022.lrec-conf.org\/en\/\" target=\"_blank\" rel=\"noopener\">LREC 2022<\/a> u Marseilleu. Ana Ostro\u0161ki Ani\u0107 sudjelovala je u organizaciji radionice s Rute Costa, Sarom Carvalho i Anasom Fahadom Khanom te je odr\u017eala izlaganje &#8220;Linking general and specialized semantic frames in AirFrame&#8221;.<\/p>\n<figure id=\"attachment_505\" aria-describedby=\"caption-attachment-505\" style=\"width: 4640px\" class=\"wp-caption aligncenter\"><a href=\"http:\/\/ihjj.hr\/dika\/wp-content\/uploads\/2023\/04\/Marseille-LREC2022.jpg\"><img loading=\"lazy\" decoding=\"async\" class=\"size-full wp-image-505\" src=\"http:\/\/ihjj.hr\/dika\/wp-content\/uploads\/2023\/04\/Marseille-LREC2022.jpg\" alt=\"\" width=\"4640\" height=\"3094\" srcset=\"https:\/\/ihjj.hr\/dika\/wp-content\/uploads\/2023\/04\/Marseille-LREC2022.jpg 4640w, https:\/\/ihjj.hr\/dika\/wp-content\/uploads\/2023\/04\/Marseille-LREC2022-300x200.jpg 300w, https:\/\/ihjj.hr\/dika\/wp-content\/uploads\/2023\/04\/Marseille-LREC2022-768x512.jpg 768w, https:\/\/ihjj.hr\/dika\/wp-content\/uploads\/2023\/04\/Marseille-LREC2022-1024x683.jpg 1024w\" sizes=\"(max-width: 4640px) 100vw, 4640px\" \/><\/a><figcaption id=\"caption-attachment-505\" class=\"wp-caption-text\">Photo by Ana Ostro\u0161ki Ani\u0107<\/figcaption><\/figure>\n","protected":false},"excerpt":{"rendered":"<p>Terminolo\u0161ka radionica Terminology in the 21st century: many faces, many places (Term 21) odr\u017eana je 20. lipnja 2022. u okviru me\u0111unarodne konferencije LREC 2022 u Marseilleu. Ana Ostro\u0161ki Ani\u0107 sudjelovala &#8230;<\/p>\n","protected":false},"author":1,"featured_media":504,"comment_status":"closed","ping_status":"open","sticky":false,"template":"","format":"standard","meta":{"footnotes":""},"categories":[117,11,145],"tags":[119,135],"_links":{"self":[{"href":"https:\/\/ihjj.hr\/dika\/index.php\/wp-json\/wp\/v2\/posts\/503"}],"collection":[{"href":"https:\/\/ihjj.hr\/dika\/index.php\/wp-json\/wp\/v2\/posts"}],"about":[{"href":"https:\/\/ihjj.hr\/dika\/index.php\/wp-json\/wp\/v2\/types\/post"}],"author":[{"embeddable":true,"href":"https:\/\/ihjj.hr\/dika\/index.php\/wp-json\/wp\/v2\/users\/1"}],"replies":[{"embeddable":true,"href":"https:\/\/ihjj.hr\/dika\/index.php\/wp-json\/wp\/v2\/comments?post=503"}],"version-history":[{"count":1,"href":"https:\/\/ihjj.hr\/dika\/index.php\/wp-json\/wp\/v2\/posts\/503\/revisions"}],"predecessor-version":[{"id":506,"href":"https:\/\/ihjj.hr\/dika\/index.php\/wp-json\/wp\/v2\/posts\/503\/revisions\/506"}],"wp:featuredmedia":[{"embeddable":true,"href":"https:\/\/ihjj.hr\/dika\/index.php\/wp-json\/wp\/v2\/media\/504"}],"wp:attachment":[{"href":"https:\/\/ihjj.hr\/dika\/index.php\/wp-json\/wp\/v2\/media?parent=503"}],"wp:term":[{"taxonomy":"category","embeddable":true,"href":"https:\/\/ihjj.hr\/dika\/index.php\/wp-json\/wp\/v2\/categories?post=503"},{"taxonomy":"post_tag","embeddable":true,"href":"https:\/\/ihjj.hr\/dika\/index.php\/wp-json\/wp\/v2\/tags?post=503"}],"curies":[{"name":"wp","href":"https:\/\/api.w.org\/{rel}","templated":true}]}}